{"id":2424,"date":"2022-08-02T18:35:29","date_gmt":"2022-08-02T16:35:29","guid":{"rendered":"http:\/\/www.ambaniger-tr.org\/?p=2424"},"modified":"2022-08-02T18:38:53","modified_gmt":"2022-08-02T16:38:53","slug":"resmi-duyuru-n36-nijer-bagimsizlik-gunu-munasebetiyle-buyukelciligin-kapatilmasi-hakkinda","status":"publish","type":"post","link":"https:\/\/www.ambaniger-tr.org\/tr\/resmi-duyuru-n36-nijer-bagimsizlik-gunu-munasebetiyle-buyukelciligin-kapatilmasi-hakkinda\/","title":{"rendered":"RESM\u0130 DUYURU N\u00b036 \u2013 Nijer Ba\u011f\u0131ms\u0131zl\u0131k G\u00fcn\u00fc m\u00fcnasebetiyle B\u00fcy\u00fckel\u00e7ili\u011fin Kapat\u0131lmas\u0131 hakk\u0131nda"},"content":{"rendered":"<p>Il est port\u00e9 \u00e0 la connaissance des usagers du service public que l&#8217;Ambassade du Niger \u00e0 Ankara sera ferm\u00e9e le <strong>Mercredi 03 Ao\u00fbt 2022<\/strong>, correspondant \u00e0 la F\u00eate de l&#8217;Ind\u00e9pendance du Niger.<\/p>\n<p>L&#8217;ambassade reprendra service le <strong>Jeudi 04 Ao\u00fbt 2022<\/strong>.<\/p>\n","protected":false},"excerpt":{"rendered":"<p>Il est port\u00e9 \u00e0 la connaissance des usagers du service public que l&#8217;Ambassade du Niger \u00e0 Ankara sera ferm\u00e9e le Mercredi 03 Ao\u00fbt 2022, correspondant \u00e0<span class=\"excerpt-hellip\"> [\u2026]<\/span><\/p>\n","protected":false},"author":1,"featured_media":2427,"comment_status":"closed","ping_status":"closed","sticky":false,"template":"","format":"standard","meta":{"content-type":"","footnotes":""},"categories":[105],"tags":[],"class_list":["post-2424","post","type-post","status-publish","format-standard","has-post-thumbnail","hentry","category-duyuru-faaliyet"],"_links":{"self":[{"href":"https:\/\/www.ambaniger-tr.org\/tr\/wp-json\/wp\/v2\/posts\/2424","targetHints":{"allow":["GET"]}}],"collection":[{"href":"https:\/\/www.ambaniger-tr.org\/tr\/wp-json\/wp\/v2\/posts"}],"about":[{"href":"https:\/\/www.ambaniger-tr.org\/tr\/wp-json\/wp\/v2\/types\/post"}],"author":[{"embeddable":true,"href":"https:\/\/www.ambaniger-tr.org\/tr\/wp-json\/wp\/v2\/users\/1"}],"replies":[{"embeddable":true,"href":"https:\/\/www.ambaniger-tr.org\/tr\/wp-json\/wp\/v2\/comments?post=2424"}],"version-history":[{"count":2,"href":"https:\/\/www.ambaniger-tr.org\/tr\/wp-json\/wp\/v2\/posts\/2424\/revisions"}],"predecessor-version":[{"id":2426,"href":"https:\/\/www.ambaniger-tr.org\/tr\/wp-json\/wp\/v2\/posts\/2424\/revisions\/2426"}],"wp:featuredmedia":[{"embeddable":true,"href":"https:\/\/www.ambaniger-tr.org\/tr\/wp-json\/wp\/v2\/media\/2427"}],"wp:attachment":[{"href":"https:\/\/www.ambaniger-tr.org\/tr\/wp-json\/wp\/v2\/media?parent=2424"}],"wp:term":[{"taxonomy":"category","embeddable":true,"href":"https:\/\/www.ambaniger-tr.org\/tr\/wp-json\/wp\/v2\/categories?post=2424"},{"taxonomy":"post_tag","embeddable":true,"href":"https:\/\/www.ambaniger-tr.org\/tr\/wp-json\/wp\/v2\/tags?post=2424"}],"curies":[{"name":"wp","href":"https:\/\/api.w.org\/{rel}","templated":true}]}}