{"id":2428,"date":"2022-08-02T18:41:25","date_gmt":"2022-08-02T16:41:25","guid":{"rendered":"http:\/\/www.ambaniger-tr.org\/?p=2428"},"modified":"2022-08-02T18:41:25","modified_gmt":"2022-08-02T16:41:25","slug":"duyuru-n35-kurban-bayrami-munasebetiyle-buyukelciligin-kapatilmasi-hakkinda","status":"publish","type":"post","link":"https:\/\/www.ambaniger-tr.org\/tr\/duyuru-n35-kurban-bayrami-munasebetiyle-buyukelciligin-kapatilmasi-hakkinda\/","title":{"rendered":"Duyuru N\u00b035 &#8211; Kurban Bayram\u0131 M\u00fcnasebetiyle B\u00fcy\u00fckel\u00e7ili\u011fin Kapat\u0131lmas\u0131 Hakk\u0131nda"},"content":{"rendered":"<p>Il est port\u00e9 \u00e0 la connaissance des usagers du service public que l&#8217;Ambassade du Niger \u00e0 Ankara sera ferm\u00e9e du <strong>08 Juillet 2022, \u00e0 partir de 13h00<\/strong>, au<strong> Dimanche 17 juillet 2022<\/strong>, dans le cadre des c\u00e9l\u00e9brations de la F\u00eate de Tabaski et de la Journ\u00e9e du 15 juillet comm\u00e9morant la tentative du coup d&#8217;Etat contre le Pr\u00e9sident Recep Tayyip Erdo\u011fan.<\/p>\n<p>L&#8217;ambassade reprendra service le<strong> lundi 18 Juillet 2022 \u00e0 09h30<\/strong>.<\/p>\n","protected":false},"excerpt":{"rendered":"<p>Il est port\u00e9 \u00e0 la connaissance des usagers du service public que l&#8217;Ambassade du Niger \u00e0 Ankara sera ferm\u00e9e du 08 Juillet 2022, \u00e0 partir de<span class=\"excerpt-hellip\"> [\u2026]<\/span><\/p>\n","protected":false},"author":1,"featured_media":2427,"comment_status":"closed","ping_status":"closed","sticky":false,"template":"","format":"standard","meta":{"content-type":"","footnotes":""},"categories":[105],"tags":[],"class_list":["post-2428","post","type-post","status-publish","format-standard","has-post-thumbnail","hentry","category-duyuru-faaliyet"],"_links":{"self":[{"href":"https:\/\/www.ambaniger-tr.org\/tr\/wp-json\/wp\/v2\/posts\/2428","targetHints":{"allow":["GET"]}}],"collection":[{"href":"https:\/\/www.ambaniger-tr.org\/tr\/wp-json\/wp\/v2\/posts"}],"about":[{"href":"https:\/\/www.ambaniger-tr.org\/tr\/wp-json\/wp\/v2\/types\/post"}],"author":[{"embeddable":true,"href":"https:\/\/www.ambaniger-tr.org\/tr\/wp-json\/wp\/v2\/users\/1"}],"replies":[{"embeddable":true,"href":"https:\/\/www.ambaniger-tr.org\/tr\/wp-json\/wp\/v2\/comments?post=2428"}],"version-history":[{"count":2,"href":"https:\/\/www.ambaniger-tr.org\/tr\/wp-json\/wp\/v2\/posts\/2428\/revisions"}],"predecessor-version":[{"id":2430,"href":"https:\/\/www.ambaniger-tr.org\/tr\/wp-json\/wp\/v2\/posts\/2428\/revisions\/2430"}],"wp:featuredmedia":[{"embeddable":true,"href":"https:\/\/www.ambaniger-tr.org\/tr\/wp-json\/wp\/v2\/media\/2427"}],"wp:attachment":[{"href":"https:\/\/www.ambaniger-tr.org\/tr\/wp-json\/wp\/v2\/media?parent=2428"}],"wp:term":[{"taxonomy":"category","embeddable":true,"href":"https:\/\/www.ambaniger-tr.org\/tr\/wp-json\/wp\/v2\/categories?post=2428"},{"taxonomy":"post_tag","embeddable":true,"href":"https:\/\/www.ambaniger-tr.org\/tr\/wp-json\/wp\/v2\/tags?post=2428"}],"curies":[{"name":"wp","href":"https:\/\/api.w.org\/{rel}","templated":true}]}}