{"id":2435,"date":"2022-08-02T18:47:08","date_gmt":"2022-08-02T16:47:08","guid":{"rendered":"http:\/\/www.ambaniger-tr.org\/?p=2435"},"modified":"2022-08-02T18:47:08","modified_gmt":"2022-08-02T16:47:08","slug":"2022-turkiye-afrika-medya-zirvesi","status":"publish","type":"post","link":"https:\/\/www.ambaniger-tr.org\/tr\/2022-turkiye-afrika-medya-zirvesi\/","title":{"rendered":"2022 T\u00fcrkiye-Afrika Medya Zirvesi"},"content":{"rendered":"<p>L&#8217;Ambassadeur du Niger en T\u00fcrkiye, SEM Salou Adama Gazibo, a pris part au Sommet des M\u00e9dias T\u00fcrkiye-Afrique organis\u00e9e par la Direction des Communications de la Pr\u00e9sidence de la R\u00e9publique de T\u00fcrkiye. Lors de ce sommet SEM l&#8217;Ambassadeur a pr\u00e9sent\u00e9 les membres de la D\u00e9l\u00e9gation Nig\u00e9rienne compos\u00e9e par le Directeur G\u00e9n\u00e9ral de l&#8217;ANP et le Directeur G\u00e9n\u00e9ral de L&#8217;ORTN, au Directeur de la communication de la Pr\u00e9sidence de la R\u00e9publique de T\u00fcrkiye, Mr. Fahrettin Altun.<\/p>\n<p><a href=\"http:\/\/www.ambaniger-tr.org\/wp-content\/uploads\/2022\/07\/284063007_1887436671446836_3081955715709649715_n-1.jpg\"><img loading=\"lazy\" decoding=\"async\" class=\" wp-image-2244 alignleft\" src=\"http:\/\/www.ambaniger-tr.org\/wp-content\/uploads\/2022\/07\/284063007_1887436671446836_3081955715709649715_n-1-300x225.jpg\" alt=\"\" width=\"346\" height=\"259\" srcset=\"https:\/\/www.ambaniger-tr.org\/wp-content\/uploads\/2022\/07\/284063007_1887436671446836_3081955715709649715_n-1-300x225.jpg 300w, https:\/\/www.ambaniger-tr.org\/wp-content\/uploads\/2022\/07\/284063007_1887436671446836_3081955715709649715_n-1-768x576.jpg 768w, https:\/\/www.ambaniger-tr.org\/wp-content\/uploads\/2022\/07\/284063007_1887436671446836_3081955715709649715_n-1.jpg 960w\" sizes=\"auto, (max-width:767px) 346px, 346px\" \/><\/a><\/p>\n<p><img loading=\"lazy\" decoding=\"async\" class=\"wp-image-2268 alignleft\" style=\"color: #0000ee;\" src=\"http:\/\/www.ambaniger-tr.org\/wp-content\/uploads\/2022\/07\/P20525-105909-300x169.jpg\" alt=\"\" width=\"446\" height=\"251\" srcset=\"https:\/\/www.ambaniger-tr.org\/wp-content\/uploads\/2022\/07\/P20525-105909-300x169.jpg 300w, https:\/\/www.ambaniger-tr.org\/wp-content\/uploads\/2022\/07\/P20525-105909-768x432.jpg 768w, https:\/\/www.ambaniger-tr.org\/wp-content\/uploads\/2022\/07\/P20525-105909.jpg 960w\" sizes=\"auto, (max-width:767px) 446px, 446px\" \/><\/p>\n<p><a href=\"http:\/\/www.ambaniger-tr.org\/wp-content\/uploads\/2022\/07\/P20525-105725-1.jpg\"><img loading=\"lazy\" decoding=\"async\" class=\"alignnone  wp-image-2266\" src=\"http:\/\/www.ambaniger-tr.org\/wp-content\/uploads\/2022\/07\/P20525-105725-1-300x169.jpg\" alt=\"\" width=\"467\" height=\"263\" srcset=\"https:\/\/www.ambaniger-tr.org\/wp-content\/uploads\/2022\/07\/P20525-105725-1-300x169.jpg 300w, https:\/\/www.ambaniger-tr.org\/wp-content\/uploads\/2022\/07\/P20525-105725-1-768x432.jpg 768w, https:\/\/www.ambaniger-tr.org\/wp-content\/uploads\/2022\/07\/P20525-105725-1.jpg 960w\" sizes=\"auto, (max-width:767px) 467px, 467px\" \/><\/a><\/p>\n<p>L&#8217;Ambassadeur du Niger en T\u00fcrkiye, SEM Salou Adama Gazibo, a organis\u00e9 en marge du Sommet des M\u00e9dias T\u00fcrkiye-Afrique, une rencontre entre les responsables de l&#8217;Agence Anadolu (Anadolu Ajans\u0131) et la D\u00e9l\u00e9gation du Niger compos\u00e9e du Directeur G\u00e9n\u00e9ral de l&#8217;Agence Nig\u00e9rienne de Presse (ANP), M. Dalatou Malam Mamane et du Directeur G\u00e9n\u00e9ral de L&#8217;ORTN, Seydou Ousmane. Cette rencontre constitue le premier pas vers une coop\u00e9ration entre l&#8217;Agence de Presse Anadolu et l&#8217;ANP.<\/p>\n<p><a href=\"http:\/\/www.ambaniger-tr.org\/wp-content\/uploads\/2022\/07\/284065351_1887448414778995_4977621635446886338_n.jpg\"><img loading=\"lazy\" decoding=\"async\" class=\"alignnone size-medium wp-image-2250\" src=\"http:\/\/www.ambaniger-tr.org\/wp-content\/uploads\/2022\/07\/284065351_1887448414778995_4977621635446886338_n-225x300.jpg\" alt=\"\" width=\"225\" height=\"300\" srcset=\"https:\/\/www.ambaniger-tr.org\/wp-content\/uploads\/2022\/07\/284065351_1887448414778995_4977621635446886338_n-225x300.jpg 225w, https:\/\/www.ambaniger-tr.org\/wp-content\/uploads\/2022\/07\/284065351_1887448414778995_4977621635446886338_n.jpg 720w\" sizes=\"auto, (max-width:767px) 225px, 225px\" \/><\/a><a href=\"http:\/\/www.ambaniger-tr.org\/wp-content\/uploads\/2022\/07\/284072609_1887448494778987_7113902207919578182_n.jpg\"><img loading=\"lazy\" decoding=\"async\" class=\"alignnone wp-image-2249\" src=\"http:\/\/www.ambaniger-tr.org\/wp-content\/uploads\/2022\/07\/284072609_1887448494778987_7113902207919578182_n-300x225.jpg\" alt=\"\" width=\"400\" height=\"300\" srcset=\"https:\/\/www.ambaniger-tr.org\/wp-content\/uploads\/2022\/07\/284072609_1887448494778987_7113902207919578182_n-300x225.jpg 300w, https:\/\/www.ambaniger-tr.org\/wp-content\/uploads\/2022\/07\/284072609_1887448494778987_7113902207919578182_n-768x576.jpg 768w, https:\/\/www.ambaniger-tr.org\/wp-content\/uploads\/2022\/07\/284072609_1887448494778987_7113902207919578182_n.jpg 960w\" sizes=\"auto, (max-width:767px) 400px, 400px\" \/><\/a><a href=\"http:\/\/www.ambaniger-tr.org\/wp-content\/uploads\/2022\/07\/P20526-111232.jpg\"><img loading=\"lazy\" decoding=\"async\" class=\"alignnone size-medium wp-image-2254\" src=\"http:\/\/www.ambaniger-tr.org\/wp-content\/uploads\/2022\/07\/P20526-111232-169x300.jpg\" alt=\"\" width=\"169\" height=\"300\" srcset=\"https:\/\/www.ambaniger-tr.org\/wp-content\/uploads\/2022\/07\/P20526-111232-169x300.jpg 169w, https:\/\/www.ambaniger-tr.org\/wp-content\/uploads\/2022\/07\/P20526-111232-768x1365.jpg 768w, https:\/\/www.ambaniger-tr.org\/wp-content\/uploads\/2022\/07\/P20526-111232-576x1024.jpg 576w\" sizes=\"auto, (max-width:767px) 169px, 169px\" \/><\/a><a href=\"http:\/\/www.ambaniger-tr.org\/wp-content\/uploads\/2022\/07\/284023792_1887448358112334_401115853096892411_n.jpg\"><img loading=\"lazy\" decoding=\"async\" class=\"alignnone size-medium wp-image-2251\" src=\"http:\/\/www.ambaniger-tr.org\/wp-content\/uploads\/2022\/07\/284023792_1887448358112334_401115853096892411_n-169x300.jpg\" alt=\"\" width=\"169\" height=\"300\" srcset=\"https:\/\/www.ambaniger-tr.org\/wp-content\/uploads\/2022\/07\/284023792_1887448358112334_401115853096892411_n-169x300.jpg 169w, https:\/\/www.ambaniger-tr.org\/wp-content\/uploads\/2022\/07\/284023792_1887448358112334_401115853096892411_n.jpg 540w\" sizes=\"auto, (max-width:767px) 169px, 169px\" \/><\/a><\/p>\n<p>L&#8217;Ambassadeur a aussi organis\u00e9 une rencontre entre les responsables de la t\u00e9l\u00e9vision nationale de T\u00fcrkiye, TRT-Fran\u00e7ais et la D\u00e9l\u00e9gation du Niger compos\u00e9e du Directeur G\u00e9n\u00e9ral de l&#8217;Agence Nig\u00e9rienne de Presse (ANP), M. Dalatou Malam Mamane et du Directeur G\u00e9n\u00e9ral de L&#8217;ORTN, Seydou Ousmane. Cette rencontre constitue le premier pas vers une coop\u00e9ration entre la TRT-Fran\u00e7ais et l&#8217;ORTN.<\/p>\n<p><a href=\"http:\/\/www.ambaniger-tr.org\/wp-content\/uploads\/2022\/07\/P20526-121641.jpg\"><img loading=\"lazy\" decoding=\"async\" class=\"alignnone size-medium wp-image-2260\" src=\"http:\/\/www.ambaniger-tr.org\/wp-content\/uploads\/2022\/07\/P20526-121641-300x169.jpg\" alt=\"\" width=\"300\" height=\"169\" srcset=\"https:\/\/www.ambaniger-tr.org\/wp-content\/uploads\/2022\/07\/P20526-121641-300x169.jpg 300w, https:\/\/www.ambaniger-tr.org\/wp-content\/uploads\/2022\/07\/P20526-121641-768x432.jpg 768w, https:\/\/www.ambaniger-tr.org\/wp-content\/uploads\/2022\/07\/P20526-121641-1024x576.jpg 1024w, https:\/\/www.ambaniger-tr.org\/wp-content\/uploads\/2022\/07\/P20526-121641-1000x563.jpg 1000w\" sizes=\"auto, (max-width:767px) 300px, 300px\" \/><\/a><a href=\"http:\/\/www.ambaniger-tr.org\/wp-content\/uploads\/2022\/07\/P20526-121559.jpg\"><img loading=\"lazy\" decoding=\"async\" class=\"alignnone size-medium wp-image-2259\" src=\"http:\/\/www.ambaniger-tr.org\/wp-content\/uploads\/2022\/07\/P20526-121559-300x169.jpg\" alt=\"\" width=\"300\" height=\"169\" srcset=\"https:\/\/www.ambaniger-tr.org\/wp-content\/uploads\/2022\/07\/P20526-121559-300x169.jpg 300w, https:\/\/www.ambaniger-tr.org\/wp-content\/uploads\/2022\/07\/P20526-121559-768x432.jpg 768w, https:\/\/www.ambaniger-tr.org\/wp-content\/uploads\/2022\/07\/P20526-121559-1024x576.jpg 1024w, https:\/\/www.ambaniger-tr.org\/wp-content\/uploads\/2022\/07\/P20526-121559-1000x563.jpg 1000w\" sizes=\"auto, (max-width:767px) 300px, 300px\" \/><\/a><a href=\"http:\/\/www.ambaniger-tr.org\/wp-content\/uploads\/2022\/07\/P20526-121525.jpg\"><img loading=\"lazy\" decoding=\"async\" class=\"alignnone size-medium wp-image-2258\" src=\"http:\/\/www.ambaniger-tr.org\/wp-content\/uploads\/2022\/07\/P20526-121525-300x169.jpg\" alt=\"\" width=\"300\" height=\"169\" srcset=\"https:\/\/www.ambaniger-tr.org\/wp-content\/uploads\/2022\/07\/P20526-121525-300x169.jpg 300w, https:\/\/www.ambaniger-tr.org\/wp-content\/uploads\/2022\/07\/P20526-121525-768x432.jpg 768w, https:\/\/www.ambaniger-tr.org\/wp-content\/uploads\/2022\/07\/P20526-121525-1024x576.jpg 1024w, https:\/\/www.ambaniger-tr.org\/wp-content\/uploads\/2022\/07\/P20526-121525-1000x563.jpg 1000w\" sizes=\"auto, (max-width:767px) 300px, 300px\" \/><\/a><a href=\"http:\/\/www.ambaniger-tr.org\/wp-content\/uploads\/2022\/07\/P20526-121052.jpg\"><img loading=\"lazy\" decoding=\"async\" class=\"alignnone size-medium wp-image-2257\" src=\"http:\/\/www.ambaniger-tr.org\/wp-content\/uploads\/2022\/07\/P20526-121052-300x169.jpg\" alt=\"\" width=\"300\" height=\"169\" srcset=\"https:\/\/www.ambaniger-tr.org\/wp-content\/uploads\/2022\/07\/P20526-121052-300x169.jpg 300w, https:\/\/www.ambaniger-tr.org\/wp-content\/uploads\/2022\/07\/P20526-121052-768x432.jpg 768w, https:\/\/www.ambaniger-tr.org\/wp-content\/uploads\/2022\/07\/P20526-121052-1024x576.jpg 1024w, https:\/\/www.ambaniger-tr.org\/wp-content\/uploads\/2022\/07\/P20526-121052-1000x563.jpg 1000w\" sizes=\"auto, (max-width:767px) 300px, 300px\" \/><\/a><\/p>\n<p>&nbsp;<\/p>\n","protected":false},"excerpt":{"rendered":"<p>L&#8217;Ambassadeur du Niger en T\u00fcrkiye, SEM Salou Adama Gazibo, a pris part au Sommet des M\u00e9dias T\u00fcrkiye-Afrique organis\u00e9e par la Direction des Communications de la Pr\u00e9sidence<span class=\"excerpt-hellip\"> [\u2026]<\/span><\/p>\n","protected":false},"author":1,"featured_media":2438,"comment_status":"closed","ping_status":"closed","sticky":false,"template":"","format":"standard","meta":{"content-type":"","footnotes":""},"categories":[106],"tags":[],"class_list":["post-2435","post","type-post","status-publish","format-standard","has-post-thumbnail","hentry","category-buyukelci"],"_links":{"self":[{"href":"https:\/\/www.ambaniger-tr.org\/tr\/wp-json\/wp\/v2\/posts\/2435","targetHints":{"allow":["GET"]}}],"collection":[{"href":"https:\/\/www.ambaniger-tr.org\/tr\/wp-json\/wp\/v2\/posts"}],"about":[{"href":"https:\/\/www.ambaniger-tr.org\/tr\/wp-json\/wp\/v2\/types\/post"}],"author":[{"embeddable":true,"href":"https:\/\/www.ambaniger-tr.org\/tr\/wp-json\/wp\/v2\/users\/1"}],"replies":[{"embeddable":true,"href":"https:\/\/www.ambaniger-tr.org\/tr\/wp-json\/wp\/v2\/comments?post=2435"}],"version-history":[{"count":2,"href":"https:\/\/www.ambaniger-tr.org\/tr\/wp-json\/wp\/v2\/posts\/2435\/revisions"}],"predecessor-version":[{"id":2437,"href":"https:\/\/www.ambaniger-tr.org\/tr\/wp-json\/wp\/v2\/posts\/2435\/revisions\/2437"}],"wp:featuredmedia":[{"embeddable":true,"href":"https:\/\/www.ambaniger-tr.org\/tr\/wp-json\/wp\/v2\/media\/2438"}],"wp:attachment":[{"href":"https:\/\/www.ambaniger-tr.org\/tr\/wp-json\/wp\/v2\/media?parent=2435"}],"wp:term":[{"taxonomy":"category","embeddable":true,"href":"https:\/\/www.ambaniger-tr.org\/tr\/wp-json\/wp\/v2\/categories?post=2435"},{"taxonomy":"post_tag","embeddable":true,"href":"https:\/\/www.ambaniger-tr.org\/tr\/wp-json\/wp\/v2\/tags?post=2435"}],"curies":[{"name":"wp","href":"https:\/\/api.w.org\/{rel}","templated":true}]}}