{"id":2482,"date":"2022-08-02T19:13:07","date_gmt":"2022-08-02T17:13:07","guid":{"rendered":"http:\/\/www.ambaniger-tr.org\/?p=2482"},"modified":"2022-08-02T19:13:07","modified_gmt":"2022-08-02T17:13:07","slug":"dusanbede-son-on-yilda-su-ile-ilgili-2-konferansina-katilim","status":"publish","type":"post","link":"https:\/\/www.ambaniger-tr.org\/tr\/dusanbede-son-on-yilda-su-ile-ilgili-2-konferansina-katilim\/","title":{"rendered":"DU\u015eANBE&#8217;DE &#8220;SON ON YILDA SU&#8221; \u0130LE \u0130LG\u0130L\u0130 2. KONFERANSINA KATILIM"},"content":{"rendered":"<p>Organis\u00e9e par le gouvernement de la R\u00e9publique du Tadjikistan avec le soutien des Nations Unies et d&#8217;autres partenaires de d\u00e9veloppement, du 06 au 09 Juin 2022, \u00e0 Douchanbe, la Deuxi\u00e8me Conf\u00e9rence Internationale de Haut Niveau sur la D\u00e9cennie Internationale d&#8217;Action, a pour but de promouvoir la mise en \u0153uvre de la D\u00e9cennie internationale d&#8217;action intitul\u00e9e &#8220;L&#8217;Eau pour le D\u00e9veloppement Durable&#8221;, 2018-2028, d\u00e9clar\u00e9e par l&#8217;Assembl\u00e9e g\u00e9n\u00e9rale des Nations Unies \u00e0 travers la R\u00e9solution 71\/222 du 21 d\u00e9cembre 2016.<\/p>\n<p>Cette conf\u00e9rence a vu la participation de l\u2019Ambassadeur du Niger \u00e0 Ankara et accr\u00e9dit\u00e9e au Tadjikistan, S.E.M. Adama Gazibo SALOU, celle du Ministre de l\u2019Hydraulique et de l\u2019Assainissement S.E.M. Adamou Mahaman et aussi celle de son conseiller technique monsieur Tankari Chaibou. En marge de cette conf\u00e9rence, L\u2019ambassadeur a particip\u00e9 \u00e0 la c\u00e9r\u00e9monie d\u2019ouverture, aux forums et aux sessions de panels du 06 au 09 juin 2022, au c\u00f4t\u00e9 de la d\u00e9l\u00e9gation nig\u00e9rienne. Le Ministre de l&#8217;\u00e9nergie et des ressources en eau de la R\u00e9publique du Tadjikistan, S.E.M. Daler Juma a accord\u00e9 une audience a son homologue nig\u00e9riens S.E.M. Adamou Mahaman.<\/p>\n<p>Dans le m\u00eame cadre, S.E.M. Daler Juma a offert un diner a l\u2019honneur de ses homologues du Niger, des philippines et de la Syrie, diner autour duquel des \u00e9changes ont \u00e9t\u00e9 faite sur la Probl\u00e9matique de l&#8217;eau dans nos r\u00e9gions et nos pays respectifs. En marge de la conf\u00e9rence, l\u2019Ambassadeur a \u00e9t\u00e9 re\u00e7u par le Vice-Ministre des Affaires Etrang\u00e8res de Tadjikistan, S.E.M. Muzaffar Huseynzoda avec qui elle a \u00e9chang\u00e9 sur les accords-cadres de coop\u00e9ration entre le Niger et le Tadjikistan. L\u2019Ambassadeur a aussi \u00e9chang\u00e9 avec son homologue, l\u2019Ambassadeur de T\u00fcrkiye \u00e0 Douchanb\u00e9 sur le niveau de coop\u00e9ration entre la T\u00fcrkiye et le Niger. L\u2019Ambassadeur a aussi visit\u00e9 le Barrage de Rogun en construction qui, une fois finit sera le plus long barrage du monde.<\/p>\n<p>&nbsp;<\/p>\n\n\t\t\t<style type='text\/css'>\n\t\t\t\t#sc_gallery-1 {\n\t\t\t\t\tmargin: auto;\n\t\t\t\t}\n\t\t\t\t#sc_gallery-1 .gallery-item {\n\t\t\t\t\tfloat: left;\n\t\t\t\t\ttext-align: center;\n\t\t\t\t\twidth: 33.33%;\n\t\t\t\t}\n\t\t\t\t#sc_gallery-1 img {\n\t\t\t\t\tborder: 2px solid #cfcfcf;\n\t\t\t\t}\n\t\t\t\t\/* see sc_gallery() in functions\/theme-shortcodes.php *\/\n\t\t\t<\/style>\n\t\t<div id='sc_gallery-1' class='gallery galleryid-2482 gallery-columns-3 gallery-size-thumbnail  gallery-default'><dl class='gallery-item'  data-title='WhatsApp Image 2022-06-10 at 08.07.19 (1)' data-description=''><div class='gallery-item-wrapper'>\n\t\t\t\t<dt class='gallery-icon landscape'>\n\t\t\t\t\t<a href='https:\/\/www.ambaniger-tr.org\/tr\/dusanbede-son-on-yilda-su-ile-ilgili-2-konferansina-katilim\/whatsapp-image-2022-06-10-at-08-07-19-1\/'><img loading=\"lazy\" decoding=\"async\" width=\"150\" height=\"150\" src=\"https:\/\/www.ambaniger-tr.org\/wp-content\/uploads\/2022\/07\/WhatsApp-Image-2022-06-10-at-08.07.19-1-150x150.jpeg\" class=\"attachment-thumbnail size-thumbnail\" alt=\"\" srcset=\"https:\/\/www.ambaniger-tr.org\/wp-content\/uploads\/2022\/07\/WhatsApp-Image-2022-06-10-at-08.07.19-1-150x150.jpeg 150w, https:\/\/www.ambaniger-tr.org\/wp-content\/uploads\/2022\/07\/WhatsApp-Image-2022-06-10-at-08.07.19-1-80x80.jpeg 80w, https:\/\/www.ambaniger-tr.org\/wp-content\/uploads\/2022\/07\/WhatsApp-Image-2022-06-10-at-08.07.19-1-500x500.jpeg 500w\" sizes=\"auto, (max-width:767px) 150px, 150px\" \/><\/a>\n\t\t\t\t<\/dt><\/div><\/dl><dl class='gallery-item'  data-title='WhatsApp Image 2022-06-10 at 08.07.18' data-description=''><div class='gallery-item-wrapper'>\n\t\t\t\t<dt class='gallery-icon portrait'>\n\t\t\t\t\t<a href='https:\/\/www.ambaniger-tr.org\/tr\/dusanbede-son-on-yilda-su-ile-ilgili-2-konferansina-katilim\/whatsapp-image-2022-06-10-at-08-07-18\/'><img loading=\"lazy\" decoding=\"async\" width=\"150\" height=\"150\" src=\"https:\/\/www.ambaniger-tr.org\/wp-content\/uploads\/2022\/07\/WhatsApp-Image-2022-06-10-at-08.07.18-150x150.jpeg\" class=\"attachment-thumbnail size-thumbnail\" alt=\"\" srcset=\"https:\/\/www.ambaniger-tr.org\/wp-content\/uploads\/2022\/07\/WhatsApp-Image-2022-06-10-at-08.07.18-150x150.jpeg 150w, https:\/\/www.ambaniger-tr.org\/wp-content\/uploads\/2022\/07\/WhatsApp-Image-2022-06-10-at-08.07.18-80x80.jpeg 80w, https:\/\/www.ambaniger-tr.org\/wp-content\/uploads\/2022\/07\/WhatsApp-Image-2022-06-10-at-08.07.18-500x500.jpeg 500w\" sizes=\"auto, (max-width:767px) 150px, 150px\" \/><\/a>\n\t\t\t\t<\/dt><\/div><\/dl><dl class='gallery-item'  data-title='52128869539_1ad0c5c915_4k' data-description=''><div class='gallery-item-wrapper'>\n\t\t\t\t<dt class='gallery-icon landscape'>\n\t\t\t\t\t<a href='https:\/\/www.ambaniger-tr.org\/tr\/dusanbede-son-on-yilda-su-ile-ilgili-2-konferansina-katilim\/52128869539_1ad0c5c915_4k\/'><img loading=\"lazy\" decoding=\"async\" width=\"150\" height=\"150\" src=\"https:\/\/www.ambaniger-tr.org\/wp-content\/uploads\/2022\/07\/52128869539_1ad0c5c915_4k-150x150.jpg\" class=\"attachment-thumbnail size-thumbnail\" alt=\"\" srcset=\"https:\/\/www.ambaniger-tr.org\/wp-content\/uploads\/2022\/07\/52128869539_1ad0c5c915_4k-150x150.jpg 150w, https:\/\/www.ambaniger-tr.org\/wp-content\/uploads\/2022\/07\/52128869539_1ad0c5c915_4k-80x80.jpg 80w, https:\/\/www.ambaniger-tr.org\/wp-content\/uploads\/2022\/07\/52128869539_1ad0c5c915_4k-500x500.jpg 500w, https:\/\/www.ambaniger-tr.org\/wp-content\/uploads\/2022\/07\/52128869539_1ad0c5c915_4k-1000x1000.jpg 1000w\" sizes=\"auto, (max-width:767px) 150px, 150px\" \/><\/a>\n\t\t\t\t<\/dt><\/div><\/dl><br style=\"clear: both\" \/><dl class='gallery-item'  data-title='52127597652_360547c000_b' data-description=''><div class='gallery-item-wrapper'>\n\t\t\t\t<dt class='gallery-icon landscape'>\n\t\t\t\t\t<a href='https:\/\/www.ambaniger-tr.org\/tr\/dusanbede-son-on-yilda-su-ile-ilgili-2-konferansina-katilim\/52127597652_360547c000_b\/'><img loading=\"lazy\" decoding=\"async\" width=\"150\" height=\"150\" src=\"https:\/\/www.ambaniger-tr.org\/wp-content\/uploads\/2022\/07\/52127597652_360547c000_b-150x150.jpg\" class=\"attachment-thumbnail size-thumbnail\" alt=\"\" srcset=\"https:\/\/www.ambaniger-tr.org\/wp-content\/uploads\/2022\/07\/52127597652_360547c000_b-150x150.jpg 150w, https:\/\/www.ambaniger-tr.org\/wp-content\/uploads\/2022\/07\/52127597652_360547c000_b-80x80.jpg 80w, https:\/\/www.ambaniger-tr.org\/wp-content\/uploads\/2022\/07\/52127597652_360547c000_b-500x500.jpg 500w\" sizes=\"auto, (max-width:767px) 150px, 150px\" \/><\/a>\n\t\t\t\t<\/dt><\/div><\/dl>\n\t\t\t\t<br style='clear: both' \/>\n\t\t\t<\/div>\n\n","protected":false},"excerpt":{"rendered":"<p>Organis\u00e9e par le gouvernement de la R\u00e9publique du Tadjikistan avec le soutien des Nations Unies et d&#8217;autres partenaires de d\u00e9veloppement, du 06 au 09 Juin 2022,<span class=\"excerpt-hellip\"> [\u2026]<\/span><\/p>\n","protected":false},"author":1,"featured_media":2484,"comment_status":"closed","ping_status":"closed","sticky":false,"template":"","format":"standard","meta":{"content-type":"","footnotes":""},"categories":[106],"tags":[],"class_list":["post-2482","post","type-post","status-publish","format-standard","has-post-thumbnail","hentry","category-buyukelci"],"_links":{"self":[{"href":"https:\/\/www.ambaniger-tr.org\/tr\/wp-json\/wp\/v2\/posts\/2482","targetHints":{"allow":["GET"]}}],"collection":[{"href":"https:\/\/www.ambaniger-tr.org\/tr\/wp-json\/wp\/v2\/posts"}],"about":[{"href":"https:\/\/www.ambaniger-tr.org\/tr\/wp-json\/wp\/v2\/types\/post"}],"author":[{"embeddable":true,"href":"https:\/\/www.ambaniger-tr.org\/tr\/wp-json\/wp\/v2\/users\/1"}],"replies":[{"embeddable":true,"href":"https:\/\/www.ambaniger-tr.org\/tr\/wp-json\/wp\/v2\/comments?post=2482"}],"version-history":[{"count":2,"href":"https:\/\/www.ambaniger-tr.org\/tr\/wp-json\/wp\/v2\/posts\/2482\/revisions"}],"predecessor-version":[{"id":2488,"href":"https:\/\/www.ambaniger-tr.org\/tr\/wp-json\/wp\/v2\/posts\/2482\/revisions\/2488"}],"wp:featuredmedia":[{"embeddable":true,"href":"https:\/\/www.ambaniger-tr.org\/tr\/wp-json\/wp\/v2\/media\/2484"}],"wp:attachment":[{"href":"https:\/\/www.ambaniger-tr.org\/tr\/wp-json\/wp\/v2\/media?parent=2482"}],"wp:term":[{"taxonomy":"category","embeddable":true,"href":"https:\/\/www.ambaniger-tr.org\/tr\/wp-json\/wp\/v2\/categories?post=2482"},{"taxonomy":"post_tag","embeddable":true,"href":"https:\/\/www.ambaniger-tr.org\/tr\/wp-json\/wp\/v2\/tags?post=2482"}],"curies":[{"name":"wp","href":"https:\/\/api.w.org\/{rel}","templated":true}]}}